{"id":1667,"date":"2019-11-06T23:44:28","date_gmt":"2019-11-06T21:44:28","guid":{"rendered":"https:\/\/www.nav.ro\/blog\/?p=1667"},"modified":"2019-11-06T23:44:28","modified_gmt":"2019-11-06T21:44:28","slug":"procesoarele-epyc-de-la-amd-continua-sa-castige-teren","status":"publish","type":"post","link":"https:\/\/www.nav.ro\/blog\/procesoarele-epyc-de-la-amd-continua-sa-castige-teren\/","title":{"rendered":"Procesoarele Epyc de la AMD continu\u0103 s\u0103 c\u00e2\u0219tige teren"},"content":{"rendered":"\n<p>V\u00e2nz\u0103rile procesoarelor de server Epyc ale celor de la AMD au crescut cu peste 50% fa\u021b\u0103 de al doilea trimestru al acestui an, \u00een mare parte datorit\u0103 platformei \u201eRoma\u201d din a doua genera\u021bie ce a ie\u0219it pe pia\u021b\u0103 \u00een luna august.<\/p>\n\n\n\n<p>Trimestrul al treilea a reprezentat o cre\u0219tere \u00een materie de vamzari pentru compania aflat\u0103 \u00een plin\u0103 revenire, cu venituri de 1,8 miliarde de dolari \u00een trimestrul al treilea, o cre\u0219tere de 9,1% de la an la an \u0219i un venit net de 18 cen\u021bi pe ac\u021biune, \u00een conformitate cu predic\u021biile anali\u0219tilor. Acesta a fost cel mai bun trimestru al veniturilor AMD din 2005, c\u00e2nd AMD se afla \u00een top iar Intel nu.<\/p>\n\n\n\n<p>Mai important, CEO-ul Lisa Su, \u00een raportarea veniturilor companiei din trimestrul al treilea, a spus c\u0103 AMD este pe cale s\u0103 ajung\u0103 din nou la conducere la jum\u0103tatea anului viitor \u00een ceea ce prive\u0219te procesoarele de server. Cu doar c\u00e2\u021biva ani \u00een urm\u0103, Mercury Research, care urm\u0103re\u0219te cota de pia\u021b\u0103 a semiconductorilor, a estimat cota de pia\u021b\u0103 Opteron c\u0103 va fi sub un procent.<\/p>\n\n\n\n<p>Pentru a pune asta \u00een perspectiv\u0103: cota de pia\u021b\u0103 Epyc \u00een al doilea trimestru din 2019 a fost de 3,4%, ceea ce \u00eenseamn\u0103 c\u0103 acest procent este dublul celui din trimestrul doi din 2018, potrivit lui Dean McCarron, pre\u0219edintele Mercury Research. Inclusiv Su a declarat c\u0103 AMD a \u00eenregistrat o cre\u0219tere de 50% fa\u021b\u0103 de  trimestrul doi. Cu toate acestea, McCarron observ\u0103 c\u0103 aceast\u0103 cre\u0219tere de 50% a v\u00e2nz\u0103rilor AMD nu \u00eenseamn\u0103 neap\u0103rat o cre\u0219tere a cotei de pia\u021b\u0103 de 50%, deoarece Intel a avut \u0219i el un trimestru foarte puternic.<\/p>\n\n\n\n<p>Trecerea de la Napoli la Roma a fost semnificativ\u0103. Napoli a avut maximum 32 de nuclee, \u00een timp ce Roma are 64 de nuclee. AMD a f\u0103cut, de asemenea, o schimbare a procesului de fabrica\u021bie, trec\u00e2nd de la 14 nm pentru Napoli \u0219i 7 nm pentru Roma. Astfel, a fost capabil s\u0103 dubleze eficient num\u0103rul tranzistorului \u00een acela\u0219i spa\u021biu.<\/p>\n\n\n\n<p>Drept urmare, AMD a fost capabil s\u0103 p\u0103streze compatibilitatea de socket. Un sistem bazat pe Napoli poate fi modernizat la procesoarele Rome, iar sistemele Napoli \u0219i Rome vor putea, de asemenea, s\u0103 treac\u0103 la procesorul de genera\u021bie urm\u0103toare, folosind arhitectura Zen 3.<\/p>\n\n\n\n<p>&#8222;Clien\u021bii sunt familiariza\u021bi cu platformele noastre \u0219i, \u00een unele cazuri, fac drop-in-uri cu platformele [existente]&#8221;, a spus Su \u00een declara\u021bia de venituri a companiei impeeuna cu anali\u0219tii financiari. &#8222;Sunt familiariza\u021bi cu arhitectura noastr\u0103, \u0219i cred c\u0103, din punct de vedere al cotei de pia\u021b\u0103, avem speran\u021be bune cu privire la trecerea de la Napoli la Roma.&#8221;<\/p>\n\n\n\n<p>Dell, HPE \u0219i Lenovo au dublat ofertele pentru serverele bazate pe AMD. Amazon AWS, Google Cloud, IBM Cloud, Microsoft Azure, OVH Cloud, Twitter \u0219i Tencent au anun\u021bat planurile de implementare a procesoarelor Epyc \u00een centrele lor de date.<\/p>\n\n\n\n<p>AMD a \u00eenregistrat, de asemenea, o cre\u0219tere considerabil\u0103 \u00een ceea ce prive\u0219te v\u00e2nzarea procesoarelor de desktop Ryzen, \u00een special la gama high end, unde benchmark-urile au ar\u0103tat c\u0103 Ryzen bate Intel pe partea de performan\u021ba la un pre\u021b mult mai mic. Aceasta reflect\u0103 testele pentru Epyc, care au \u00eentrecut Intel Xeon la o frac\u021biune din pre\u021b.<\/p>\n","protected":false},"excerpt":{"rendered":"<p>V\u00e2nz\u0103rile procesoarelor de server Epyc ale celor de la AMD au crescut cu peste 50% fa\u021b\u0103 de al doilea trimestru al acestui an, \u00een mare parte datorit\u0103 platformei \u201eRoma\u201d din a doua genera\u021bie ce a ie\u0219it pe pia\u021b\u0103 \u00een luna august. Trimestrul al treilea a reprezentat o cre\u0219tere \u00een materie de vamzari pentru compania aflat\u0103<\/p>\n","protected":false},"author":1,"featured_media":1668,"comment_status":"open","ping_status":"open","sticky":false,"template":"","format":"standard","meta":{"footnotes":""},"categories":[151],"tags":[182,25],"class_list":["post-1667","post","type-post","status-publish","format-standard","has-post-thumbnail","hentry","category-noutati","tag-centru-de-date","tag-data-center"],"yoast_head":"<!-- This site is optimized with the Yoast SEO plugin v27.1.1 - https:\/\/yoast.com\/product\/yoast-seo-wordpress\/ -->\n<title>Procesoarele Epyc de la AMD continu\u0103 s\u0103 c\u00e2\u0219tige teren - NAV.RO Blog<\/title>\n<meta name=\"robots\" content=\"index, follow, max-snippet:-1, max-image-preview:large, max-video-preview:-1\" \/>\n<link rel=\"canonical\" href=\"https:\/\/www.nav.ro\/blog\/procesoarele-epyc-de-la-amd-continua-sa-castige-teren\/\" \/>\n<meta property=\"og:locale\" content=\"ro_RO\" \/>\n<meta property=\"og:type\" content=\"article\" \/>\n<meta property=\"og:title\" content=\"Procesoarele Epyc de la AMD continu\u0103 s\u0103 c\u00e2\u0219tige teren - NAV.RO Blog\" \/>\n<meta property=\"og:description\" content=\"V\u00e2nz\u0103rile procesoarelor de server Epyc ale celor de la AMD au crescut cu peste 50% fa\u021b\u0103 de al doilea trimestru al acestui an, \u00een mare parte datorit\u0103 platformei \u201eRoma\u201d din a doua genera\u021bie ce a ie\u0219it pe pia\u021b\u0103 \u00een luna august. Trimestrul al treilea a reprezentat o cre\u0219tere \u00een materie de vamzari pentru compania aflat\u0103\" \/>\n<meta property=\"og:url\" content=\"https:\/\/www.nav.ro\/blog\/procesoarele-epyc-de-la-amd-continua-sa-castige-teren\/\" \/>\n<meta property=\"og:site_name\" content=\"NAV.RO Blog\" \/>\n<meta property=\"article:publisher\" content=\"https:\/\/www.facebook.com\/nav6718\" \/>\n<meta property=\"article:published_time\" content=\"2019-11-06T21:44:28+00:00\" \/>\n<meta property=\"og:image\" content=\"https:\/\/www.nav.ro\/blog\/wp-content\/uploads\/2019\/11\/17570_epyc_chip_textured_scratched_blue_background_1260x709_0.jpg\" \/>\n\t<meta property=\"og:image:width\" content=\"1260\" \/>\n\t<meta property=\"og:image:height\" content=\"709\" \/>\n\t<meta property=\"og:image:type\" content=\"image\/jpeg\" \/>\n<meta name=\"author\" content=\"NAV.RO\" \/>\n<meta name=\"twitter:card\" content=\"summary_large_image\" \/>\n<meta name=\"twitter:creator\" content=\"@nav6718\" \/>\n<meta name=\"twitter:site\" content=\"@nav6718\" \/>\n<meta name=\"twitter:label1\" content=\"Scris de\" \/>\n\t<meta name=\"twitter:data1\" content=\"NAV.RO\" \/>\n\t<meta name=\"twitter:label2\" content=\"Timp estimat pentru citire\" \/>\n\t<meta name=\"twitter:data2\" content=\"3 minute\" \/>\n<script type=\"application\/ld+json\" class=\"yoast-schema-graph\">{\"@context\":\"https:\/\/schema.org\",\"@graph\":[{\"@type\":\"Article\",\"@id\":\"https:\/\/www.nav.ro\/blog\/procesoarele-epyc-de-la-amd-continua-sa-castige-teren\/#article\",\"isPartOf\":{\"@id\":\"https:\/\/www.nav.ro\/blog\/procesoarele-epyc-de-la-amd-continua-sa-castige-teren\/\"},\"author\":{\"name\":\"NAV.RO\",\"@id\":\"https:\/\/www.nav.ro\/blog\/#\/schema\/person\/c0271febcae717bbdbc3b2c6dbdec20e\"},\"headline\":\"Procesoarele Epyc de la AMD continu\u0103 s\u0103 c\u00e2\u0219tige teren\",\"datePublished\":\"2019-11-06T21:44:28+00:00\",\"mainEntityOfPage\":{\"@id\":\"https:\/\/www.nav.ro\/blog\/procesoarele-epyc-de-la-amd-continua-sa-castige-teren\/\"},\"wordCount\":558,\"commentCount\":0,\"publisher\":{\"@id\":\"https:\/\/www.nav.ro\/blog\/#organization\"},\"image\":{\"@id\":\"https:\/\/www.nav.ro\/blog\/procesoarele-epyc-de-la-amd-continua-sa-castige-teren\/#primaryimage\"},\"thumbnailUrl\":\"https:\/\/www.nav.ro\/blog\/wp-content\/uploads\/2019\/11\/17570_epyc_chip_textured_scratched_blue_background_1260x709_0.jpg\",\"keywords\":[\"Centru de date\",\"data center\"],\"articleSection\":[\"NOUT\u0102\u021aI\"],\"inLanguage\":\"ro-RO\",\"potentialAction\":[{\"@type\":\"CommentAction\",\"name\":\"Comment\",\"target\":[\"https:\/\/www.nav.ro\/blog\/procesoarele-epyc-de-la-amd-continua-sa-castige-teren\/#respond\"]}]},{\"@type\":\"WebPage\",\"@id\":\"https:\/\/www.nav.ro\/blog\/procesoarele-epyc-de-la-amd-continua-sa-castige-teren\/\",\"url\":\"https:\/\/www.nav.ro\/blog\/procesoarele-epyc-de-la-amd-continua-sa-castige-teren\/\",\"name\":\"Procesoarele Epyc de la AMD continu\u0103 s\u0103 c\u00e2\u0219tige teren - NAV.RO Blog\",\"isPartOf\":{\"@id\":\"https:\/\/www.nav.ro\/blog\/#website\"},\"primaryImageOfPage\":{\"@id\":\"https:\/\/www.nav.ro\/blog\/procesoarele-epyc-de-la-amd-continua-sa-castige-teren\/#primaryimage\"},\"image\":{\"@id\":\"https:\/\/www.nav.ro\/blog\/procesoarele-epyc-de-la-amd-continua-sa-castige-teren\/#primaryimage\"},\"thumbnailUrl\":\"https:\/\/www.nav.ro\/blog\/wp-content\/uploads\/2019\/11\/17570_epyc_chip_textured_scratched_blue_background_1260x709_0.jpg\",\"datePublished\":\"2019-11-06T21:44:28+00:00\",\"breadcrumb\":{\"@id\":\"https:\/\/www.nav.ro\/blog\/procesoarele-epyc-de-la-amd-continua-sa-castige-teren\/#breadcrumb\"},\"inLanguage\":\"ro-RO\",\"potentialAction\":[{\"@type\":\"ReadAction\",\"target\":[\"https:\/\/www.nav.ro\/blog\/procesoarele-epyc-de-la-amd-continua-sa-castige-teren\/\"]}]},{\"@type\":\"ImageObject\",\"inLanguage\":\"ro-RO\",\"@id\":\"https:\/\/www.nav.ro\/blog\/procesoarele-epyc-de-la-amd-continua-sa-castige-teren\/#primaryimage\",\"url\":\"https:\/\/www.nav.ro\/blog\/wp-content\/uploads\/2019\/11\/17570_epyc_chip_textured_scratched_blue_background_1260x709_0.jpg\",\"contentUrl\":\"https:\/\/www.nav.ro\/blog\/wp-content\/uploads\/2019\/11\/17570_epyc_chip_textured_scratched_blue_background_1260x709_0.jpg\",\"width\":1260,\"height\":709},{\"@type\":\"BreadcrumbList\",\"@id\":\"https:\/\/www.nav.ro\/blog\/procesoarele-epyc-de-la-amd-continua-sa-castige-teren\/#breadcrumb\",\"itemListElement\":[{\"@type\":\"ListItem\",\"position\":1,\"name\":\"Prima pagin\u0103\",\"item\":\"https:\/\/www.nav.ro\/blog\/\"},{\"@type\":\"ListItem\",\"position\":2,\"name\":\"Procesoarele Epyc de la AMD continu\u0103 s\u0103 c\u00e2\u0219tige teren\"}]},{\"@type\":\"WebSite\",\"@id\":\"https:\/\/www.nav.ro\/blog\/#website\",\"url\":\"https:\/\/www.nav.ro\/blog\/\",\"name\":\"NAV.RO Blog\",\"description\":\"Stiri IT\u2705 de actualitate si noutati din domeniul Hosting \u279c Gazduire Web \u279c Servere Dedicate \/ VPS \u279c DATA CENTER \u279c Domenii \u2b50 Actualizare zilnica de la expertii NAV.RO\",\"publisher\":{\"@id\":\"https:\/\/www.nav.ro\/blog\/#organization\"},\"potentialAction\":[{\"@type\":\"SearchAction\",\"target\":{\"@type\":\"EntryPoint\",\"urlTemplate\":\"https:\/\/www.nav.ro\/blog\/?s={search_term_string}\"},\"query-input\":{\"@type\":\"PropertyValueSpecification\",\"valueRequired\":true,\"valueName\":\"search_term_string\"}}],\"inLanguage\":\"ro-RO\"},{\"@type\":\"Organization\",\"@id\":\"https:\/\/www.nav.ro\/blog\/#organization\",\"name\":\"NAV Communications\",\"url\":\"https:\/\/www.nav.ro\/blog\/\",\"logo\":{\"@type\":\"ImageObject\",\"inLanguage\":\"ro-RO\",\"@id\":\"https:\/\/www.nav.ro\/blog\/#\/schema\/logo\/image\/\",\"url\":\"https:\/\/www.nav.ro\/blog\/wp-content\/uploads\/2022\/09\/nav_logo.png\",\"contentUrl\":\"https:\/\/www.nav.ro\/blog\/wp-content\/uploads\/2022\/09\/nav_logo.png\",\"width\":1120,\"height\":800,\"caption\":\"NAV Communications\"},\"image\":{\"@id\":\"https:\/\/www.nav.ro\/blog\/#\/schema\/logo\/image\/\"},\"sameAs\":[\"https:\/\/www.facebook.com\/nav6718\",\"https:\/\/x.com\/nav6718\"]},{\"@type\":\"Person\",\"@id\":\"https:\/\/www.nav.ro\/blog\/#\/schema\/person\/c0271febcae717bbdbc3b2c6dbdec20e\",\"name\":\"NAV.RO\",\"image\":{\"@type\":\"ImageObject\",\"inLanguage\":\"ro-RO\",\"@id\":\"https:\/\/www.nav.ro\/blog\/#\/schema\/person\/image\/\",\"url\":\"https:\/\/secure.gravatar.com\/avatar\/93c42d768fb29d2b7c2c9b94595b1770ec8dbbda107bfb5e6759247e857c9cda?s=96&d=mm&r=g\",\"contentUrl\":\"https:\/\/secure.gravatar.com\/avatar\/93c42d768fb29d2b7c2c9b94595b1770ec8dbbda107bfb5e6759247e857c9cda?s=96&d=mm&r=g\",\"caption\":\"NAV.RO\"},\"sameAs\":[\"https:\/\/www.nav.ro\"],\"url\":\"https:\/\/www.nav.ro\/blog\/author\/useradmin\/\"}]}<\/script>\n<!-- \/ Yoast SEO plugin. -->","yoast_head_json":{"title":"Procesoarele Epyc de la AMD continu\u0103 s\u0103 c\u00e2\u0219tige teren - NAV.RO Blog","robots":{"index":"index","follow":"follow","max-snippet":"max-snippet:-1","max-image-preview":"max-image-preview:large","max-video-preview":"max-video-preview:-1"},"canonical":"https:\/\/www.nav.ro\/blog\/procesoarele-epyc-de-la-amd-continua-sa-castige-teren\/","og_locale":"ro_RO","og_type":"article","og_title":"Procesoarele Epyc de la AMD continu\u0103 s\u0103 c\u00e2\u0219tige teren - NAV.RO Blog","og_description":"V\u00e2nz\u0103rile procesoarelor de server Epyc ale celor de la AMD au crescut cu peste 50% fa\u021b\u0103 de al doilea trimestru al acestui an, \u00een mare parte datorit\u0103 platformei \u201eRoma\u201d din a doua genera\u021bie ce a ie\u0219it pe pia\u021b\u0103 \u00een luna august. Trimestrul al treilea a reprezentat o cre\u0219tere \u00een materie de vamzari pentru compania aflat\u0103","og_url":"https:\/\/www.nav.ro\/blog\/procesoarele-epyc-de-la-amd-continua-sa-castige-teren\/","og_site_name":"NAV.RO Blog","article_publisher":"https:\/\/www.facebook.com\/nav6718","article_published_time":"2019-11-06T21:44:28+00:00","og_image":[{"width":1260,"height":709,"url":"https:\/\/www.nav.ro\/blog\/wp-content\/uploads\/2019\/11\/17570_epyc_chip_textured_scratched_blue_background_1260x709_0.jpg","type":"image\/jpeg"}],"author":"NAV.RO","twitter_card":"summary_large_image","twitter_creator":"@nav6718","twitter_site":"@nav6718","twitter_misc":{"Scris de":"NAV.RO","Timp estimat pentru citire":"3 minute"},"schema":{"@context":"https:\/\/schema.org","@graph":[{"@type":"Article","@id":"https:\/\/www.nav.ro\/blog\/procesoarele-epyc-de-la-amd-continua-sa-castige-teren\/#article","isPartOf":{"@id":"https:\/\/www.nav.ro\/blog\/procesoarele-epyc-de-la-amd-continua-sa-castige-teren\/"},"author":{"name":"NAV.RO","@id":"https:\/\/www.nav.ro\/blog\/#\/schema\/person\/c0271febcae717bbdbc3b2c6dbdec20e"},"headline":"Procesoarele Epyc de la AMD continu\u0103 s\u0103 c\u00e2\u0219tige teren","datePublished":"2019-11-06T21:44:28+00:00","mainEntityOfPage":{"@id":"https:\/\/www.nav.ro\/blog\/procesoarele-epyc-de-la-amd-continua-sa-castige-teren\/"},"wordCount":558,"commentCount":0,"publisher":{"@id":"https:\/\/www.nav.ro\/blog\/#organization"},"image":{"@id":"https:\/\/www.nav.ro\/blog\/procesoarele-epyc-de-la-amd-continua-sa-castige-teren\/#primaryimage"},"thumbnailUrl":"https:\/\/www.nav.ro\/blog\/wp-content\/uploads\/2019\/11\/17570_epyc_chip_textured_scratched_blue_background_1260x709_0.jpg","keywords":["Centru de date","data center"],"articleSection":["NOUT\u0102\u021aI"],"inLanguage":"ro-RO","potentialAction":[{"@type":"CommentAction","name":"Comment","target":["https:\/\/www.nav.ro\/blog\/procesoarele-epyc-de-la-amd-continua-sa-castige-teren\/#respond"]}]},{"@type":"WebPage","@id":"https:\/\/www.nav.ro\/blog\/procesoarele-epyc-de-la-amd-continua-sa-castige-teren\/","url":"https:\/\/www.nav.ro\/blog\/procesoarele-epyc-de-la-amd-continua-sa-castige-teren\/","name":"Procesoarele Epyc de la AMD continu\u0103 s\u0103 c\u00e2\u0219tige teren - NAV.RO Blog","isPartOf":{"@id":"https:\/\/www.nav.ro\/blog\/#website"},"primaryImageOfPage":{"@id":"https:\/\/www.nav.ro\/blog\/procesoarele-epyc-de-la-amd-continua-sa-castige-teren\/#primaryimage"},"image":{"@id":"https:\/\/www.nav.ro\/blog\/procesoarele-epyc-de-la-amd-continua-sa-castige-teren\/#primaryimage"},"thumbnailUrl":"https:\/\/www.nav.ro\/blog\/wp-content\/uploads\/2019\/11\/17570_epyc_chip_textured_scratched_blue_background_1260x709_0.jpg","datePublished":"2019-11-06T21:44:28+00:00","breadcrumb":{"@id":"https:\/\/www.nav.ro\/blog\/procesoarele-epyc-de-la-amd-continua-sa-castige-teren\/#breadcrumb"},"inLanguage":"ro-RO","potentialAction":[{"@type":"ReadAction","target":["https:\/\/www.nav.ro\/blog\/procesoarele-epyc-de-la-amd-continua-sa-castige-teren\/"]}]},{"@type":"ImageObject","inLanguage":"ro-RO","@id":"https:\/\/www.nav.ro\/blog\/procesoarele-epyc-de-la-amd-continua-sa-castige-teren\/#primaryimage","url":"https:\/\/www.nav.ro\/blog\/wp-content\/uploads\/2019\/11\/17570_epyc_chip_textured_scratched_blue_background_1260x709_0.jpg","contentUrl":"https:\/\/www.nav.ro\/blog\/wp-content\/uploads\/2019\/11\/17570_epyc_chip_textured_scratched_blue_background_1260x709_0.jpg","width":1260,"height":709},{"@type":"BreadcrumbList","@id":"https:\/\/www.nav.ro\/blog\/procesoarele-epyc-de-la-amd-continua-sa-castige-teren\/#breadcrumb","itemListElement":[{"@type":"ListItem","position":1,"name":"Prima pagin\u0103","item":"https:\/\/www.nav.ro\/blog\/"},{"@type":"ListItem","position":2,"name":"Procesoarele Epyc de la AMD continu\u0103 s\u0103 c\u00e2\u0219tige teren"}]},{"@type":"WebSite","@id":"https:\/\/www.nav.ro\/blog\/#website","url":"https:\/\/www.nav.ro\/blog\/","name":"NAV.RO Blog","description":"Stiri IT\u2705 de actualitate si noutati din domeniul Hosting \u279c Gazduire Web \u279c Servere Dedicate \/ VPS \u279c DATA CENTER \u279c Domenii \u2b50 Actualizare zilnica de la expertii NAV.RO","publisher":{"@id":"https:\/\/www.nav.ro\/blog\/#organization"},"potentialAction":[{"@type":"SearchAction","target":{"@type":"EntryPoint","urlTemplate":"https:\/\/www.nav.ro\/blog\/?s={search_term_string}"},"query-input":{"@type":"PropertyValueSpecification","valueRequired":true,"valueName":"search_term_string"}}],"inLanguage":"ro-RO"},{"@type":"Organization","@id":"https:\/\/www.nav.ro\/blog\/#organization","name":"NAV Communications","url":"https:\/\/www.nav.ro\/blog\/","logo":{"@type":"ImageObject","inLanguage":"ro-RO","@id":"https:\/\/www.nav.ro\/blog\/#\/schema\/logo\/image\/","url":"https:\/\/www.nav.ro\/blog\/wp-content\/uploads\/2022\/09\/nav_logo.png","contentUrl":"https:\/\/www.nav.ro\/blog\/wp-content\/uploads\/2022\/09\/nav_logo.png","width":1120,"height":800,"caption":"NAV Communications"},"image":{"@id":"https:\/\/www.nav.ro\/blog\/#\/schema\/logo\/image\/"},"sameAs":["https:\/\/www.facebook.com\/nav6718","https:\/\/x.com\/nav6718"]},{"@type":"Person","@id":"https:\/\/www.nav.ro\/blog\/#\/schema\/person\/c0271febcae717bbdbc3b2c6dbdec20e","name":"NAV.RO","image":{"@type":"ImageObject","inLanguage":"ro-RO","@id":"https:\/\/www.nav.ro\/blog\/#\/schema\/person\/image\/","url":"https:\/\/secure.gravatar.com\/avatar\/93c42d768fb29d2b7c2c9b94595b1770ec8dbbda107bfb5e6759247e857c9cda?s=96&d=mm&r=g","contentUrl":"https:\/\/secure.gravatar.com\/avatar\/93c42d768fb29d2b7c2c9b94595b1770ec8dbbda107bfb5e6759247e857c9cda?s=96&d=mm&r=g","caption":"NAV.RO"},"sameAs":["https:\/\/www.nav.ro"],"url":"https:\/\/www.nav.ro\/blog\/author\/useradmin\/"}]}},"_links":{"self":[{"href":"https:\/\/www.nav.ro\/blog\/wp-json\/wp\/v2\/posts\/1667","targetHints":{"allow":["GET"]}}],"collection":[{"href":"https:\/\/www.nav.ro\/blog\/wp-json\/wp\/v2\/posts"}],"about":[{"href":"https:\/\/www.nav.ro\/blog\/wp-json\/wp\/v2\/types\/post"}],"author":[{"embeddable":true,"href":"https:\/\/www.nav.ro\/blog\/wp-json\/wp\/v2\/users\/1"}],"replies":[{"embeddable":true,"href":"https:\/\/www.nav.ro\/blog\/wp-json\/wp\/v2\/comments?post=1667"}],"version-history":[{"count":1,"href":"https:\/\/www.nav.ro\/blog\/wp-json\/wp\/v2\/posts\/1667\/revisions"}],"predecessor-version":[{"id":1669,"href":"https:\/\/www.nav.ro\/blog\/wp-json\/wp\/v2\/posts\/1667\/revisions\/1669"}],"wp:featuredmedia":[{"embeddable":true,"href":"https:\/\/www.nav.ro\/blog\/wp-json\/wp\/v2\/media\/1668"}],"wp:attachment":[{"href":"https:\/\/www.nav.ro\/blog\/wp-json\/wp\/v2\/media?parent=1667"}],"wp:term":[{"taxonomy":"category","embeddable":true,"href":"https:\/\/www.nav.ro\/blog\/wp-json\/wp\/v2\/categories?post=1667"},{"taxonomy":"post_tag","embeddable":true,"href":"https:\/\/www.nav.ro\/blog\/wp-json\/wp\/v2\/tags?post=1667"}],"curies":[{"name":"wp","href":"https:\/\/api.w.org\/{rel}","templated":true}]}}